{"id":2622,"date":"2019-01-13T17:37:51","date_gmt":"2019-01-13T16:37:51","guid":{"rendered":"http:\/\/avar.fr\/?p=2622"},"modified":"2019-01-13T17:40:37","modified_gmt":"2019-01-13T16:40:37","slug":"gazette-janvier-2019","status":"publish","type":"post","link":"http:\/\/avar.fr\/?p=2622","title":{"rendered":"Gazette janvier 2019"},"content":{"rendered":"<h1><span style=\"text-decoration: underline;\"><span style=\"color: #0000ff; text-decoration: underline;\">R\u00e9union du 10 janvier 2019<\/span><\/span><\/h1>\n<p style=\"text-align: justify;\">Le jeudi 10 janvier 2019 il y avait foule \u00e0 l&rsquo; Automobile Club pour d\u00e9guster <span style=\"color: #ff0000;\">la galette des rois<\/span> dans l&rsquo;atmosph\u00e8re tr\u00e8s conviviale dont l&rsquo;AVAR a le secret. Georges Billes a \u00e9voqu\u00e9 toutes les manifestations qui se sont d\u00e9roul\u00e9es pendant l&rsquo;ann\u00e9e 2018 nous avons pu constater qu&rsquo;elles furent nombreuses et vari\u00e9es. Georges a ensuite pr\u00e9sent\u00e9 Philippe Guillemat son successeur \u00e0 la pr\u00e9sidence lequel a dit vouloir g\u00e9rer dans la continuit\u00e9 de ce qui s&rsquo;\u00e9tait fait pendant 40 ans. L&rsquo;\u00e9motion \u00e9tait palpable dans l&rsquo;assistance.<\/p>\n<p style=\"text-align: justify;\">Nous avons d\u00e9couvert <span style=\"color: #ff0000;\">le bel oriflamme<\/span> sponsoris\u00e9 par Bureau Vall\u00e9e.<\/p>\n<p style=\"text-align: justify;\">SORTIES A VENIR\u00a0:Le vendredi 15 f\u00e9vrier Paul Saly vous donne rendez-vous \u00e0 18h30 \u00e0 la station TOTAL apr\u00e8s la chocolaterie C\u00e9moi pour la<span style=\"color: #ff0000;\"> 3\u00e8me route de nuit<\/span>. Le nombre de participants est fix\u00e9 \u00e0 25 \u00e9quipages maximum le d\u00e9part est fix\u00e9 \u00e0 19h15 pour un parcours autour de Perpignan\u00a0. Le repas aura lieu \u00e0 Toulouges, le prix de la participation environ 30\u20ac par personne Inscription aupr\u00e8s de Paul Saly au 06.09.53.49.26<\/p>\n<p style=\"text-align: justify;\"><span style=\"color: #ff0000;\">La travers\u00e9e de Perpignan<\/span> reste fix\u00e9e au 28 avril 2019<\/p>\n","protected":false},"excerpt":{"rendered":"<p>R\u00e9union du 10 janvier 2019 Le jeudi 10 janvier 2019 il y avait foule \u00e0 l&rsquo; Automobile Club pour d\u00e9guster la galette des rois dans l&rsquo;atmosph\u00e8re tr\u00e8s conviviale dont l&rsquo;AVAR a le secret. Georges Billes a \u00e9voqu\u00e9 toutes les manifestations &hellip; <a href=\"http:\/\/avar.fr\/?p=2622\">Continuer la lecture <span class=\"meta-nav\">&rarr;<\/span><\/a><\/p>\n","protected":false},"author":1,"featured_media":0,"comment_status":"closed","ping_status":"closed","sticky":false,"template":"","format":"standard","meta":[],"categories":[6],"tags":[],"_links":{"self":[{"href":"http:\/\/avar.fr\/index.php?rest_route=\/wp\/v2\/posts\/2622"}],"collection":[{"href":"http:\/\/avar.fr\/index.php?rest_route=\/wp\/v2\/posts"}],"about":[{"href":"http:\/\/avar.fr\/index.php?rest_route=\/wp\/v2\/types\/post"}],"author":[{"embeddable":true,"href":"http:\/\/avar.fr\/index.php?rest_route=\/wp\/v2\/users\/1"}],"replies":[{"embeddable":true,"href":"http:\/\/avar.fr\/index.php?rest_route=%2Fwp%2Fv2%2Fcomments&post=2622"}],"version-history":[{"count":3,"href":"http:\/\/avar.fr\/index.php?rest_route=\/wp\/v2\/posts\/2622\/revisions"}],"predecessor-version":[{"id":2626,"href":"http:\/\/avar.fr\/index.php?rest_route=\/wp\/v2\/posts\/2622\/revisions\/2626"}],"wp:attachment":[{"href":"http:\/\/avar.fr\/index.php?rest_route=%2Fwp%2Fv2%2Fmedia&parent=2622"}],"wp:term":[{"taxonomy":"category","embeddable":true,"href":"http:\/\/avar.fr\/index.php?rest_route=%2Fwp%2Fv2%2Fcategories&post=2622"},{"taxonomy":"post_tag","embeddable":true,"href":"http:\/\/avar.fr\/index.php?rest_route=%2Fwp%2Fv2%2Ftags&post=2622"}],"curies":[{"name":"wp","href":"https:\/\/api.w.org\/{rel}","templated":true}]}}