{"id":2634,"date":"2019-02-12T13:44:27","date_gmt":"2019-02-12T12:44:27","guid":{"rendered":"http:\/\/avar.fr\/?p=2634"},"modified":"2019-02-12T13:51:06","modified_gmt":"2019-02-12T12:51:06","slug":"gazette-fevrier-2019","status":"publish","type":"post","link":"http:\/\/avar.fr\/?p=2634","title":{"rendered":"Gazette f\u00e9vrier 2019"},"content":{"rendered":"<h1><span style=\"text-decoration: underline;\"><span style=\"color: #0000ff; text-decoration: underline;\">R\u00e9union du 7 f\u00e9vrier 2019<\/span><\/span><\/h1>\n<p>Bienvenue\u00a0 aux nouveaux membres.<\/p>\n<p style=\"text-align: justify;\">Le dimanche 3 f\u00e9vrier les membres de notre club \u00e9taient peu nombreux \u00e0 voir flotter les oriflammes\u00a0;\u00a0 pourtant un vent d\u00e9cha\u00een\u00e9 se chargeait de les gonfler.<\/p>\n<p style=\"text-align: justify;\">5 participants seulement se sont manifest\u00e9s pour participer \u00e0 la <span style=\"color: #ff0000;\">3\u00e8me Route de Nuit<\/span>. Paul Saly a d\u00e9cid\u00e9 de la reporter \u00e0 une date ult\u00e9rieure qu&rsquo;il nous communiquera.<\/p>\n<p style=\"text-align: justify;\">5 membres ont honor\u00e9 de leur pr\u00e9sence la r\u00e9union mensuelle du jeudi 7 f\u00e9vrier.<\/p>\n<p style=\"text-align: justify;\">12 (avaristes) se sont rendus\u00a0\u00a0 \u00e0 <span style=\"color: #ff0000;\">R\u00e9tromobile<\/span> pour en prendre plein les yeux et go\u00fbter au plaisir de la table. Un grand merci aux deux organisatrices Pascale et Domi. Nous avons visit\u00e9 le salon et l&rsquo;exposition des 100 ans de Citro\u00ebn ( passionnante)\u00a0;\u00a0 la 5HP, aux voitures de\u00a0 Rallye actuelles en passant par la Rosalie des records\u00a0; le gigantesque Berliet_ Subsaharien. Un salon o\u00f9 tous les amateurs de v\u00e9hicules anciens trouvent un centre d&rsquo;int\u00e9r\u00eat.<\/p>\n<p style=\"text-align: justify;\">Un d\u00e9placement est en train de se pr\u00e9parer \u00e0 Barcelone pour le Revival de <span style=\"color: #ff0000;\">l&rsquo;esprit de Montjuich.<\/span><\/p>\n<p style=\"text-align: justify;\">Au cours de la prochaine r\u00e9union il sera pr\u00e9par\u00e9<span style=\"color: #ff0000;\"> la travers\u00e9e de Perpignan<\/span> qui aura lieu le 28 avril 2019 .<\/p>\n<p style=\"text-align: justify;\">Les retardataires qui n&rsquo;ont pas acquitt\u00e9 leur <span style=\"color: #ff0000;\">cotisation 2019<\/span>,peuvent le faire en envoyant un ch\u00e8que de 50\u20ac \u00e0 l&rsquo;ordre de l&rsquo;AVAR et l&rsquo;adresser \u00e0 Automobile Club \u00e0 l&rsquo;attention de J.M Ferri\u00e9 28 cours Palmarole 66000 Perpignan.<\/p>\n","protected":false},"excerpt":{"rendered":"<p>R\u00e9union du 7 f\u00e9vrier 2019 Bienvenue\u00a0 aux nouveaux membres. Le dimanche 3 f\u00e9vrier les membres de notre club \u00e9taient peu nombreux \u00e0 voir flotter les oriflammes\u00a0;\u00a0 pourtant un vent d\u00e9cha\u00een\u00e9 se chargeait de les gonfler. 5 participants seulement se sont &hellip; <a href=\"http:\/\/avar.fr\/?p=2634\">Continuer la lecture <span class=\"meta-nav\">&rarr;<\/span><\/a><\/p>\n","protected":false},"author":1,"featured_media":0,"comment_status":"closed","ping_status":"closed","sticky":false,"template":"","format":"standard","meta":[],"categories":[3,6],"tags":[],"_links":{"self":[{"href":"http:\/\/avar.fr\/index.php?rest_route=\/wp\/v2\/posts\/2634"}],"collection":[{"href":"http:\/\/avar.fr\/index.php?rest_route=\/wp\/v2\/posts"}],"about":[{"href":"http:\/\/avar.fr\/index.php?rest_route=\/wp\/v2\/types\/post"}],"author":[{"embeddable":true,"href":"http:\/\/avar.fr\/index.php?rest_route=\/wp\/v2\/users\/1"}],"replies":[{"embeddable":true,"href":"http:\/\/avar.fr\/index.php?rest_route=%2Fwp%2Fv2%2Fcomments&post=2634"}],"version-history":[{"count":4,"href":"http:\/\/avar.fr\/index.php?rest_route=\/wp\/v2\/posts\/2634\/revisions"}],"predecessor-version":[{"id":2638,"href":"http:\/\/avar.fr\/index.php?rest_route=\/wp\/v2\/posts\/2634\/revisions\/2638"}],"wp:attachment":[{"href":"http:\/\/avar.fr\/index.php?rest_route=%2Fwp%2Fv2%2Fmedia&parent=2634"}],"wp:term":[{"taxonomy":"category","embeddable":true,"href":"http:\/\/avar.fr\/index.php?rest_route=%2Fwp%2Fv2%2Fcategories&post=2634"},{"taxonomy":"post_tag","embeddable":true,"href":"http:\/\/avar.fr\/index.php?rest_route=%2Fwp%2Fv2%2Ftags&post=2634"}],"curies":[{"name":"wp","href":"https:\/\/api.w.org\/{rel}","templated":true}]}}