{"id":2730,"date":"2019-10-07T16:47:08","date_gmt":"2019-10-07T14:47:08","guid":{"rendered":"http:\/\/avar.fr\/?p=2730"},"modified":"2019-10-07T16:47:08","modified_gmt":"2019-10-07T14:47:08","slug":"gazette-octobre-2019","status":"publish","type":"post","link":"http:\/\/avar.fr\/?p=2730","title":{"rendered":"Gazette octobre 2019"},"content":{"rendered":"<h1><span style=\"text-decoration: underline;\"><span style=\"color: #0000ff; text-decoration: underline;\">R\u00e9union du 3 octobre 2019<\/span><\/span><\/h1>\n<p>19 participants \u00e0 cette r\u00e9union<\/p>\n<p style=\"text-align: justify;\"><strong><span style=\"color: #ff0000;\">Entre Drome et Is\u00e8re:<\/span><\/strong><br \/>\n7 \u00e9quipages du Club ont profit\u00e9 de la belle balade organis\u00e9e par Domi et Paul, dans les gorges et cols du Vercors, du circuit historique \u00e0 travers les lieux de m\u00e9moire de la r\u00e9sistance sur les pas des maquisards. Merci aux organisateurs pour leur disponibilit\u00e9 aupr\u00e8s des participants.<\/p>\n<p style=\"text-align: justify;\">\n<strong><span style=\"color: #ff0000;\">Sortie sanglier \u00e0 Bugarach<\/span><\/strong> le dimanche 20 octobre 2019.<br \/>\nPrix du repas 27\u20ac par personne, \u00e0 payer sur place par ch\u00e8que ou en esp\u00e8ces.<br \/>\nRassemblement station TOTAL \u00e0 8h30 d\u00e9part \u00e0 9 heures.<br \/>\nInscriptions aupr\u00e8s de Marie 06.08.75.15.75 avant le 11 octobre.<\/p>\n<p style=\"text-align: justify;\"><strong><span style=\"color: #ff0000;\">Route de nuit<\/span><\/strong> suivie d&rsquo;un repas dans la soir\u00e9e du vendredi 06 d\u00e9cembre 2019. Les organisateurs s&rsquo;appliqueront \u00e0 rendre cette sortie agr\u00e9able avec un parcours tr\u00e8s \u00e9tudi\u00e9 et en tenant compte du caract\u00e8re nocturne de l&rsquo;\u00e9preuve.<br \/>\nInscriptions et renseignements aupr\u00e8s de Paul Saly avant le 10 novembre au 06.09.53.49.26<\/p>\n<p style=\"text-align: justify;\">\nDes \u00e9cussons seront \u00e0 votre disposition \u00e0, Bugarach.<\/p>\n<p style=\"text-align: justify;\">\nProchaine r\u00e9union le jeudi 08 novembre.<\/p>\n","protected":false},"excerpt":{"rendered":"<p>R\u00e9union du 3 octobre 2019 19 participants \u00e0 cette r\u00e9union Entre Drome et Is\u00e8re: 7 \u00e9quipages du Club ont profit\u00e9 de la belle balade organis\u00e9e par Domi et Paul, dans les gorges et cols du Vercors, du circuit historique \u00e0 &hellip; <a href=\"http:\/\/avar.fr\/?p=2730\">Continuer la lecture <span class=\"meta-nav\">&rarr;<\/span><\/a><\/p>\n","protected":false},"author":1,"featured_media":0,"comment_status":"closed","ping_status":"closed","sticky":false,"template":"","format":"standard","meta":[],"categories":[3],"tags":[],"_links":{"self":[{"href":"http:\/\/avar.fr\/index.php?rest_route=\/wp\/v2\/posts\/2730"}],"collection":[{"href":"http:\/\/avar.fr\/index.php?rest_route=\/wp\/v2\/posts"}],"about":[{"href":"http:\/\/avar.fr\/index.php?rest_route=\/wp\/v2\/types\/post"}],"author":[{"embeddable":true,"href":"http:\/\/avar.fr\/index.php?rest_route=\/wp\/v2\/users\/1"}],"replies":[{"embeddable":true,"href":"http:\/\/avar.fr\/index.php?rest_route=%2Fwp%2Fv2%2Fcomments&post=2730"}],"version-history":[{"count":1,"href":"http:\/\/avar.fr\/index.php?rest_route=\/wp\/v2\/posts\/2730\/revisions"}],"predecessor-version":[{"id":2731,"href":"http:\/\/avar.fr\/index.php?rest_route=\/wp\/v2\/posts\/2730\/revisions\/2731"}],"wp:attachment":[{"href":"http:\/\/avar.fr\/index.php?rest_route=%2Fwp%2Fv2%2Fmedia&parent=2730"}],"wp:term":[{"taxonomy":"category","embeddable":true,"href":"http:\/\/avar.fr\/index.php?rest_route=%2Fwp%2Fv2%2Fcategories&post=2730"},{"taxonomy":"post_tag","embeddable":true,"href":"http:\/\/avar.fr\/index.php?rest_route=%2Fwp%2Fv2%2Ftags&post=2730"}],"curies":[{"name":"wp","href":"https:\/\/api.w.org\/{rel}","templated":true}]}}