{"id":2739,"date":"2019-11-18T23:19:17","date_gmt":"2019-11-18T22:19:17","guid":{"rendered":"http:\/\/avar.fr\/?p=2739"},"modified":"2019-11-18T23:19:17","modified_gmt":"2019-11-18T22:19:17","slug":"gazette-novembre-2019","status":"publish","type":"post","link":"http:\/\/avar.fr\/?p=2739","title":{"rendered":"Gazette novembre 2019"},"content":{"rendered":"<h1><span style=\"text-decoration: underline;\"><span style=\"color: #0000ff; text-decoration: underline;\">R\u00e9union du 7 novembre 2019<\/span><\/span><\/h1>\n<p style=\"text-align: justify;\"><span style=\"color: #ff0000;\">Sortie \u00e0 Bugarach<\/span> : la tradition a \u00e9t\u00e9 respect\u00e9e. Apr\u00e8s un parcours unanimement appr\u00e9ci\u00e9 par les participants le repas a permis \u00e0 tous de se restaurer et de d\u00e9guster le traditionnel civet de sanglier. Merci \u00e0 Jojo et Marie pour l&rsquo;organisation de cette journ\u00e9e.<\/p>\n<p style=\"text-align: justify;\">La journ\u00e9e <span style=\"color: #ff0000;\">T\u00e9l\u00e9thon<\/span> a \u00e9t\u00e9 fix\u00e9e pour le dimanche 24 novembre : D\u00e9part et inscription \u00e0 partir de 9 heures \u00e0 Ille-sur-T\u00eat \u00e0 l&rsquo;espace la Catalane et arriv\u00e9e \u00e0 Vernet-les-Bains pour le repas de midi tir\u00e9 des sacs. Vous aurez la possibilit\u00e9 de faire griller sur place. Le montant de la participation est de 50\u20ac par \u00e9quipage ch\u00e8que \u00e0 l&rsquo;ordre de l&rsquo;AFM. Ce montant est soumis \u00e0 une d\u00e9duction fiscale.<\/p>\n<p style=\"text-align: justify;\"><span style=\"color: #ff0000;\">Route de Nuit<\/span> le vendredi 6 d\u00e9cembre\u00a0: Rassemblement \u00e0 partir de 18 heures \u00e0 la station Total \u00e0 c\u00f4t\u00e9 de C\u00e9moi. Vous pourrez payer les frais de participation qui s\u2019\u00e9l\u00e8vent \u00e0 30\u20ac par personne avant le d\u00e9part sur place. Le repas de cl\u00f4ture aura lieu \u00e0 Toulouges. Inscription pr\u00e9alable aupr\u00e8s de Paul Saly au 0609534926 avant le samedi 30 novembre 2019.<\/p>\n","protected":false},"excerpt":{"rendered":"<p>R\u00e9union du 7 novembre 2019 Sortie \u00e0 Bugarach : la tradition a \u00e9t\u00e9 respect\u00e9e. Apr\u00e8s un parcours unanimement appr\u00e9ci\u00e9 par les participants le repas a permis \u00e0 tous de se restaurer et de d\u00e9guster le traditionnel civet de sanglier. Merci &hellip; <a href=\"http:\/\/avar.fr\/?p=2739\">Continuer la lecture <span class=\"meta-nav\">&rarr;<\/span><\/a><\/p>\n","protected":false},"author":1,"featured_media":0,"comment_status":"closed","ping_status":"closed","sticky":false,"template":"","format":"standard","meta":[],"categories":[3],"tags":[],"_links":{"self":[{"href":"http:\/\/avar.fr\/index.php?rest_route=\/wp\/v2\/posts\/2739"}],"collection":[{"href":"http:\/\/avar.fr\/index.php?rest_route=\/wp\/v2\/posts"}],"about":[{"href":"http:\/\/avar.fr\/index.php?rest_route=\/wp\/v2\/types\/post"}],"author":[{"embeddable":true,"href":"http:\/\/avar.fr\/index.php?rest_route=\/wp\/v2\/users\/1"}],"replies":[{"embeddable":true,"href":"http:\/\/avar.fr\/index.php?rest_route=%2Fwp%2Fv2%2Fcomments&post=2739"}],"version-history":[{"count":1,"href":"http:\/\/avar.fr\/index.php?rest_route=\/wp\/v2\/posts\/2739\/revisions"}],"predecessor-version":[{"id":2740,"href":"http:\/\/avar.fr\/index.php?rest_route=\/wp\/v2\/posts\/2739\/revisions\/2740"}],"wp:attachment":[{"href":"http:\/\/avar.fr\/index.php?rest_route=%2Fwp%2Fv2%2Fmedia&parent=2739"}],"wp:term":[{"taxonomy":"category","embeddable":true,"href":"http:\/\/avar.fr\/index.php?rest_route=%2Fwp%2Fv2%2Fcategories&post=2739"},{"taxonomy":"post_tag","embeddable":true,"href":"http:\/\/avar.fr\/index.php?rest_route=%2Fwp%2Fv2%2Ftags&post=2739"}],"curies":[{"name":"wp","href":"https:\/\/api.w.org\/{rel}","templated":true}]}}