{"id":2749,"date":"2019-12-11T15:15:12","date_gmt":"2019-12-11T14:15:12","guid":{"rendered":"http:\/\/avar.fr\/?p=2749"},"modified":"2020-02-10T19:05:30","modified_gmt":"2020-02-10T18:05:30","slug":"gazette-decembre-2019","status":"publish","type":"post","link":"http:\/\/avar.fr\/?p=2749","title":{"rendered":"Gazette d\u00e9cembre 2019"},"content":{"rendered":"<h1><span style=\"text-decoration: underline;\"><span style=\"color: #0000ff; text-decoration: underline;\">R\u00e9union du 5 d\u00e9cembre 2019<\/span><\/span><\/h1>\n<p style=\"text-align: justify;\"><span style=\"color: #000000;\">82<\/span> \u00e9quipages dont 9 de l&rsquo;AVAR ont particip\u00e9 au <span style=\"color: #ff0000;\">Rallye du T\u00e9l\u00e9thon<\/span> qui les a conduits d&rsquo;Ille sur T\u00eat \u00e0 Vernet les Bains. Une halte \u00e0 Finestret a permis de compl\u00e9ter le questionnaire de la tombola gratuite. Cette sortie s&rsquo;est d\u00e9roul\u00e9e sous un soleil radieux qui a permis de d\u00e9jeuner \u00e0 l&rsquo;ext\u00e9rieur. Les dons vers\u00e9s \u00e0 l&rsquo;AFM T\u00e9l\u00e9thon se sont \u00e9lev\u00e9s \u00e0 7 090 \u20ac.<\/p>\n<p style=\"text-align: justify;\">La sortie <span style=\"color: #ff0000;\">ROUTE DE NUIT<\/span> du 6 d\u00e9cembre a tenu ses promesses. Elle s&rsquo;est d\u00e9roul\u00e9e dans une atmosph\u00e8re tr\u00e8s conviviale. Les 24 \u00e9quipages ont d\u00e9jou\u00e9 les pi\u00e8ges du road-book avec plus ou moins de succ\u00e8s et ont regagn\u00e9 Toulouges pour le repas de cl\u00f4ture. Merci \u00e0 Serge Molins et Paul Saly et \u00e0 tous ceux qui se sont investis pour la r\u00e9ussite de cette 4\u00e8me \u00e9dition.<\/p>\n<p style=\"text-align: justify;\">Le <span style=\"color: #ff0000;\">9 janvier 2020 \u00e0 20h45<\/span> dans les locaux de l&rsquo;Automobile Club. Le club de l&rsquo;AVAR offre \u00e0 ses adh\u00e9rents la <span style=\"color: #ff0000;\">galette des rois<\/span>. Inscription obligatoire aupr\u00e8s de Marie Billes au 0608751575 ou <a href=\"mailto:mijobilles@gmail.com\">mijobilles@gmail.com<\/a> avant le 6 janvier 2020.<\/p>\n<p style=\"text-align: justify;\">Le <span style=\"color: #ff0000;\">samedi 11 janvier<\/span> Robert Rigual et Paul Saly vous proposent suivant le programme ci-dessous une visite des caves Dom Brial \u00e0 Baixas. Rassemblement station Total pr\u00e8s de Cemoi\u00a0 \u00e0 partir de 8h30 et d\u00e9part \u00e0 9h. Apr\u00e8s un circuit concoct\u00e9 par Paul visite de la cave et des chais, suivi d&rsquo;une d\u00e9gustation de la gamme des vins DOM BRIAL (environ 60produits) avec un accompagnement de charcuteries et fromages offerts par Georges Guilhot. L&rsquo;arriv\u00e9e se fera aux alentours de 11 heures aux chais. Le minimum \u00e9tant de 10 participants et le maximum de 22\/24. Les inscriptions doivent se faire aupr\u00e8s de Paul Saly au 0609534926 ou Robert Rigual 0603122694<\/p>\n<p style=\"text-align: justify;\"><strong>\u00a0<\/strong> \u00a0\u00a0\u00a0\u00a0\u00a0\u00a0\u00a0\u00a0\u00a0\u00a0\u00a0\u00a0\u00a0\u00a0\u00a0\u00a0\u00a0\u00a0\u00a0\u00a0\u00a0\u00a0\u00a0\u00a0\u00a0\u00a0\u00a0\u00a0\u00a0\u00a0\u00a0\u00a0\u00a0\u00a0\u00a0\u00a0 BONNES F\u00caTES\u00a0 DE FIN D\u2019ANN\u00c9E<\/p>\n<p style=\"text-align: justify;\">\u00a0\u00a0\u00a0\u00a0\u00a0\u00a0\u00a0\u00a0\u00a0\u00a0\u00a0\u00a0\u00a0\u00a0\u00a0\u00a0\u00a0\u00a0\u00a0\u00a0\u00a0\u00a0\u00a0\u00a0\u00a0\u00a0\u00a0\u00a0\u00a0\u00a0\u00a0\u00a0\u00a0\u00a0\u00a0\u00a0\u00a0 \u00a0\u00a0\u00a0\u00a0\u00a0\u00a0\u00a0\u00a0\u00a0 A TOUTES ET A TOUS<\/p>\n","protected":false},"excerpt":{"rendered":"<p>R\u00e9union du 5 d\u00e9cembre 2019 82 \u00e9quipages dont 9 de l&rsquo;AVAR ont particip\u00e9 au Rallye du T\u00e9l\u00e9thon qui les a conduits d&rsquo;Ille sur T\u00eat \u00e0 Vernet les Bains. Une halte \u00e0 Finestret a permis de compl\u00e9ter le questionnaire de la &hellip; <a href=\"http:\/\/avar.fr\/?p=2749\">Continuer la lecture <span class=\"meta-nav\">&rarr;<\/span><\/a><\/p>\n","protected":false},"author":1,"featured_media":0,"comment_status":"closed","ping_status":"closed","sticky":false,"template":"","format":"standard","meta":[],"categories":[3],"tags":[],"_links":{"self":[{"href":"http:\/\/avar.fr\/index.php?rest_route=\/wp\/v2\/posts\/2749"}],"collection":[{"href":"http:\/\/avar.fr\/index.php?rest_route=\/wp\/v2\/posts"}],"about":[{"href":"http:\/\/avar.fr\/index.php?rest_route=\/wp\/v2\/types\/post"}],"author":[{"embeddable":true,"href":"http:\/\/avar.fr\/index.php?rest_route=\/wp\/v2\/users\/1"}],"replies":[{"embeddable":true,"href":"http:\/\/avar.fr\/index.php?rest_route=%2Fwp%2Fv2%2Fcomments&post=2749"}],"version-history":[{"count":5,"href":"http:\/\/avar.fr\/index.php?rest_route=\/wp\/v2\/posts\/2749\/revisions"}],"predecessor-version":[{"id":2756,"href":"http:\/\/avar.fr\/index.php?rest_route=\/wp\/v2\/posts\/2749\/revisions\/2756"}],"wp:attachment":[{"href":"http:\/\/avar.fr\/index.php?rest_route=%2Fwp%2Fv2%2Fmedia&parent=2749"}],"wp:term":[{"taxonomy":"category","embeddable":true,"href":"http:\/\/avar.fr\/index.php?rest_route=%2Fwp%2Fv2%2Fcategories&post=2749"},{"taxonomy":"post_tag","embeddable":true,"href":"http:\/\/avar.fr\/index.php?rest_route=%2Fwp%2Fv2%2Ftags&post=2749"}],"curies":[{"name":"wp","href":"https:\/\/api.w.org\/{rel}","templated":true}]}}